{"id":4973,"date":"2026-04-27T15:13:58","date_gmt":"2026-04-27T13:13:58","guid":{"rendered":"https:\/\/www.cloture-ares.fr\/agences\/montpellier-nimes\/?p=4973"},"modified":"2026-04-27T15:22:04","modified_gmt":"2026-04-27T13:22:04","slug":"cloture-rigide-1m50-ou-1m80","status":"publish","type":"post","link":"https:\/\/www.cloture-ares.fr\/agences\/montpellier-nimes\/cloture-rigide-1m50-ou-1m80\/","title":{"rendered":"Cl\u00f4ture rigide 1m50 ou 1m80 : quelle hauteur choisir selon votre terrain ?"},"content":{"rendered":"\t\t<div data-elementor-type=\"wp-post\" data-elementor-id=\"4973\" class=\"elementor elementor-4973\" data-elementor-post-type=\"post\">\n\t\t\t\t<div class=\"elementor-element elementor-element-4331422 e-flex e-con-boxed e-con e-parent\" data-id=\"4331422\" data-element_type=\"container\">\n\t\t\t\t\t<div class=\"e-con-inner\">\n\t\t\t\t<div class=\"elementor-element elementor-element-c7060b0 elementor-widget elementor-widget-text-editor\" data-id=\"c7060b0\" data-element_type=\"widget\" data-widget_type=\"text-editor.default\">\n\t\t\t\t\t\t\t\t\t<p>Choisir la hauteur d\u2019une cl\u00f4ture rigide ne se r\u00e9sume pas \u00e0 une question esth\u00e9tique. Entre protection, r\u00e9glementation locale, exposition au vent et contraintes du terrain, la d\u00e9cision m\u00e9rite r\u00e9flexion. \u00c0 Montpellier et dans l\u2019H\u00e9rault, certaines sp\u00e9cificit\u00e9s climatiques et g\u00e9ologiques influencent directement le choix entre une cl\u00f4ture 1m50 et 1m80.<\/p><p>Voici comment d\u00e9terminer la hauteur la plus adapt\u00e9e \u00e0 votre projet.<\/p>\t\t\t\t\t\t\t\t<\/div>\n\t\t\t\t\t<\/div>\n\t\t\t\t<\/div>\n\t\t<div class=\"elementor-element elementor-element-84cfbf7 e-flex e-con-boxed e-con e-parent\" data-id=\"84cfbf7\" data-element_type=\"container\">\n\t\t\t\t\t<div class=\"e-con-inner\">\n\t\t\t\t<div class=\"elementor-element elementor-element-e402e63 elementor-widget elementor-widget-spacer\" data-id=\"e402e63\" data-element_type=\"widget\" data-widget_type=\"spacer.default\">\n\t\t\t\t\t\t\t<div class=\"elementor-spacer\">\n\t\t\t<div class=\"elementor-spacer-inner\"><\/div>\n\t\t<\/div>\n\t\t\t\t\t\t<\/div>\n\t\t\t\t\t<\/div>\n\t\t\t\t<\/div>\n\t\t<div class=\"elementor-element elementor-element-f05f127 e-flex e-con-boxed e-con e-parent\" data-id=\"f05f127\" data-element_type=\"container\">\n\t\t\t\t\t<div class=\"e-con-inner\">\n\t\t<div class=\"elementor-element elementor-element-120f659 e-con-full e-flex e-con e-child\" data-id=\"120f659\" data-element_type=\"container\">\n\t\t<div class=\"elementor-element elementor-element-1ef8242 e-con-full e-flex e-con e-child\" data-id=\"1ef8242\" data-element_type=\"container\">\n\t\t<div class=\"elementor-element elementor-element-a685564 e-con-full e-flex e-con e-child\" data-id=\"a685564\" data-element_type=\"container\" data-settings=\"{&quot;background_background&quot;:&quot;classic&quot;}\">\n\t\t\t\t<div class=\"elementor-element elementor-element-878d2c0 elementor-widget__width-initial elementor-widget elementor-widget-heading\" data-id=\"878d2c0\" data-element_type=\"widget\" data-widget_type=\"heading.default\">\n\t\t\t\t\t<h2 class=\"elementor-heading-title elementor-size-default\">Quelle est la diff\u00e9rence r\u00e9elle entre une cl\u00f4ture 1m50 et 1m80 ?<\/h2>\t\t\t\t<\/div>\n\t\t\t\t<div class=\"elementor-element elementor-element-a1c2717 elementor-widget elementor-widget-text-editor\" data-id=\"a1c2717\" data-element_type=\"widget\" data-widget_type=\"text-editor.default\">\n\t\t\t\t\t\t\t\t\t<p>La diff\u00e9rence de <strong>30 centim\u00e8tres<\/strong> peut sembler minime, mais elle change plusieurs param\u00e8tres.<\/p><p>Une cl\u00f4ture rigide 1m50 est souvent suffisante pour d\u00e9limiter un terrain, s\u00e9curiser un jardin et pr\u00e9server une certaine ouverture visuelle. Elle offre un bon compromis entre <strong>s\u00e9curit\u00e9<\/strong> et <strong>int\u00e9gration<\/strong> paysag\u00e8re.<\/p><p>La version 1m80, en revanche, apporte davantage d\u2019intimit\u00e9 et une protection renforc\u00e9e. Elle limite les vis-\u00e0-vis et augmente le niveau de dissuasion. En contrepartie, elle est plus expos\u00e9e aux contraintes m\u00e9caniques, notamment au <strong>vent<\/strong>.<\/p><p>Dans les zones ouvertes ou expos\u00e9es, ce crit\u00e8re devient d\u00e9terminant.<\/p><p><a href=\"https:\/\/www.cloture-ares.fr\/agences\/montpellier-nimes\/nos-produits\/\"><strong>\u27a1\ufe0fD\u00e9couvrir nos produits<\/strong><\/a><\/p>\t\t\t\t\t\t\t\t<\/div>\n\t\t\t\t<\/div>\n\t\t<div class=\"elementor-element elementor-element-635d5cf e-flex e-con-boxed e-con e-child\" data-id=\"635d5cf\" data-element_type=\"container\">\n\t\t\t\t\t<div class=\"e-con-inner\">\n\t\t\t\t<div class=\"elementor-element elementor-element-2a7a032 elementor-widget-mobile__width-inherit elementor-widget elementor-widget-image\" data-id=\"2a7a032\" data-element_type=\"widget\" data-widget_type=\"image.default\">\n\t\t\t\t\t\t\t\t\t\t\t\t\t\t\t<img fetchpriority=\"high\" decoding=\"async\" width=\"577\" height=\"1023\" src=\"https:\/\/www.cloture-ares.fr\/agences\/montpellier-nimes\/wp-content\/uploads\/sites\/5\/2023\/08\/cloture-rigide-et-occultant.jpg\" class=\"attachment-large size-large wp-image-1992\" alt=\"Grillage rigide et occultant\" srcset=\"https:\/\/www.cloture-ares.fr\/agences\/montpellier-nimes\/wp-content\/uploads\/sites\/5\/2023\/08\/cloture-rigide-et-occultant.jpg 577w, https:\/\/www.cloture-ares.fr\/agences\/montpellier-nimes\/wp-content\/uploads\/sites\/5\/2023\/08\/cloture-rigide-et-occultant-169x300.jpg 169w\" sizes=\"(max-width: 577px) 100vw, 577px\" \/>\t\t\t\t\t\t\t\t\t\t\t\t\t\t\t<\/div>\n\t\t\t\t\t<\/div>\n\t\t\t\t<\/div>\n\t\t\t\t<\/div>\n\t\t\t\t<\/div>\n\t\t\t\t\t<\/div>\n\t\t\t\t<\/div>\n\t\t<div class=\"elementor-element elementor-element-c57a5da e-flex e-con-boxed e-con e-parent\" data-id=\"c57a5da\" data-element_type=\"container\">\n\t\t\t\t\t<div class=\"e-con-inner\">\n\t\t\t\t<div class=\"elementor-element elementor-element-e1a6900 elementor-widget elementor-widget-spacer\" data-id=\"e1a6900\" data-element_type=\"widget\" data-widget_type=\"spacer.default\">\n\t\t\t\t\t\t\t<div class=\"elementor-spacer\">\n\t\t\t<div class=\"elementor-spacer-inner\"><\/div>\n\t\t<\/div>\n\t\t\t\t\t\t<\/div>\n\t\t\t\t\t<\/div>\n\t\t\t\t<\/div>\n\t\t<div class=\"elementor-element elementor-element-a386210 e-flex e-con-boxed e-con e-parent\" data-id=\"a386210\" data-element_type=\"container\">\n\t\t\t\t\t<div class=\"e-con-inner\">\n\t\t<div class=\"elementor-element elementor-element-9cf64bc e-con-full e-flex e-con e-child\" data-id=\"9cf64bc\" data-element_type=\"container\">\n\t\t<div class=\"elementor-element elementor-element-c541945 e-con-full e-flex e-con e-child\" data-id=\"c541945\" data-element_type=\"container\">\n\t\t<div class=\"elementor-element elementor-element-1d68a32 e-con-full e-flex e-con e-child\" data-id=\"1d68a32\" data-element_type=\"container\">\n\t\t\t\t<div class=\"elementor-element elementor-element-281a105 elementor-widget__width-initial elementor-widget elementor-widget-heading\" data-id=\"281a105\" data-element_type=\"widget\" data-widget_type=\"heading.default\">\n\t\t\t\t\t<h2 class=\"elementor-heading-title elementor-size-default\">La r\u00e9glementation \u00e0 Montpellier et dans l\u2019H\u00e9rault<\/h2>\t\t\t\t<\/div>\n\t\t\t\t<div class=\"elementor-element elementor-element-0d50e7f elementor-widget elementor-widget-text-editor\" data-id=\"0d50e7f\" data-element_type=\"widget\" data-widget_type=\"text-editor.default\">\n\t\t\t\t\t\t\t\t\t<p>Avant de choisir la hauteur de votre cl\u00f4ture rigide, il est indispensable de consulter le <strong>Plan Local d\u2019Urbanisme<\/strong> (PLU) de votre commune. Certaines zones limitent la hauteur maximale autoris\u00e9e en limite s\u00e9parative.<\/p><p>En r\u00e8gle g\u00e9n\u00e9rale, une hauteur de 1m80 est souvent accept\u00e9e pour une cl\u00f4ture privative, mais des restrictions peuvent exister en lotissement ou dans des zones sp\u00e9cifiques.<\/p><p>Pour v\u00e9rifier les obligations l\u00e9gales, vous pouvez consulter les informations officielles sur le<a href=\"https:\/\/www.service-public.fr\/particuliers\/vosdroits\/F614\"><strong> site du Service Public.<\/strong><\/a><\/p><p>Une v\u00e9rification pr\u00e9alable permet d\u2019\u00e9viter tout litige ou demande de modification ult\u00e9rieure.<\/p><p>\ud83d\udc49\u00a0Si vous vous interrogez sur les r\u00e8gles en limite s\u00e9parative ou sur les conflits possibles entre voisins, nous d\u00e9taillons ces situations dans notre <a href=\"https:\/\/www.cloture-ares.fr\/agences\/montpellier-nimes\/cloture-voisinage-litiges\/\"><strong>article d\u00e9di\u00e9 aux cl\u00f4tures et litiges de voisinage.<\/strong><\/a><\/p>\t\t\t\t\t\t\t\t<\/div>\n\t\t\t\t<\/div>\n\t\t\t\t<\/div>\n\t\t\t\t<\/div>\n\t\t\t\t\t<\/div>\n\t\t\t\t<\/div>\n\t\t<div class=\"elementor-element elementor-element-69d055e e-flex e-con-boxed e-con e-parent\" data-id=\"69d055e\" data-element_type=\"container\">\n\t\t\t\t\t<div class=\"e-con-inner\">\n\t\t\t\t<div class=\"elementor-element elementor-element-d30fa40 elementor-widget elementor-widget-spacer\" data-id=\"d30fa40\" data-element_type=\"widget\" data-widget_type=\"spacer.default\">\n\t\t\t\t\t\t\t<div class=\"elementor-spacer\">\n\t\t\t<div class=\"elementor-spacer-inner\"><\/div>\n\t\t<\/div>\n\t\t\t\t\t\t<\/div>\n\t\t\t\t\t<\/div>\n\t\t\t\t<\/div>\n\t\t<div class=\"elementor-element elementor-element-2c97979 e-flex e-con-boxed e-con e-parent\" data-id=\"2c97979\" data-element_type=\"container\">\n\t\t\t\t\t<div class=\"e-con-inner\">\n\t\t<div class=\"elementor-element elementor-element-8d5411b e-con-full e-flex e-con e-child\" data-id=\"8d5411b\" data-element_type=\"container\">\n\t\t\t\t<div class=\"elementor-element elementor-element-0ffec20 elementor-widget elementor-widget-image\" data-id=\"0ffec20\" data-element_type=\"widget\" data-widget_type=\"image.default\">\n\t\t\t\t\t\t\t\t\t\t\t\t\t\t\t<img decoding=\"async\" width=\"640\" height=\"853\" src=\"https:\/\/www.cloture-ares.fr\/agences\/montpellier-nimes\/wp-content\/uploads\/sites\/5\/2026\/02\/cloture_vent_compressee_2-768x1024.jpg\" class=\"attachment-large size-large wp-image-4579\" alt=\"cl\u00f4ture rigide r\u00e9sistante au vent install\u00e9e \u00e0 Montpellier\" srcset=\"https:\/\/www.cloture-ares.fr\/agences\/montpellier-nimes\/wp-content\/uploads\/sites\/5\/2026\/02\/cloture_vent_compressee_2-768x1024.jpg 768w, https:\/\/www.cloture-ares.fr\/agences\/montpellier-nimes\/wp-content\/uploads\/sites\/5\/2026\/02\/cloture_vent_compressee_2-225x300.jpg 225w, https:\/\/www.cloture-ares.fr\/agences\/montpellier-nimes\/wp-content\/uploads\/sites\/5\/2026\/02\/cloture_vent_compressee_2-1152x1536.jpg 1152w, https:\/\/www.cloture-ares.fr\/agences\/montpellier-nimes\/wp-content\/uploads\/sites\/5\/2026\/02\/cloture_vent_compressee_2.jpg 1536w\" sizes=\"(max-width: 640px) 100vw, 640px\" \/>\t\t\t\t\t\t\t\t\t\t\t\t\t\t\t<\/div>\n\t\t\t\t<\/div>\n\t\t<div class=\"elementor-element elementor-element-09e162f e-con-full e-flex e-con e-child\" data-id=\"09e162f\" data-element_type=\"container\">\n\t\t<div class=\"elementor-element elementor-element-d8c02ea e-con-full e-flex e-con e-child\" data-id=\"d8c02ea\" data-element_type=\"container\" data-settings=\"{&quot;background_background&quot;:&quot;classic&quot;}\">\n\t\t\t\t<div class=\"elementor-element elementor-element-9b2b023 elementor-widget__width-initial elementor-widget elementor-widget-heading\" data-id=\"9b2b023\" data-element_type=\"widget\" data-widget_type=\"heading.default\">\n\t\t\t\t\t<h2 class=\"elementor-heading-title elementor-size-default\">R\u00e9sistance au vent : un crit\u00e8re essentiel dans le sud<\/h2>\t\t\t\t<\/div>\n\t\t\t\t<div class=\"elementor-element elementor-element-bc00e5e elementor-widget elementor-widget-text-editor\" data-id=\"bc00e5e\" data-element_type=\"widget\" data-widget_type=\"text-editor.default\">\n\t\t\t\t\t\t\t\t\t<p>\u00c0 Montpellier, le vent n\u2019est pas un d\u00e9tail. Une cl\u00f4ture 1m80 pr\u00e9sente une <strong>prise au vent<\/strong> plus importante qu\u2019un mod\u00e8le 1m50. Cela implique un scellement plus rigoureux et un entraxe parfaitement ma\u00eetris\u00e9.<\/p><p>Dans notre article sur le choix du scellement b\u00e9ton ou des platines ( <a href=\"https:\/\/www.cloture-ares.fr\/agences\/montpellier-nimes\/scellement-beton-ou-platines-cloture\/\"><strong>Voir l&rsquo;article<\/strong><\/a> ), nous expliquons pourquoi une fixation adapt\u00e9e conditionne la stabilit\u00e9 globale de l\u2019installation. Une hauteur plus importante n\u00e9cessite g\u00e9n\u00e9ralement un scellement b\u00e9ton renforc\u00e9.<\/p><p>De la m\u00eame mani\u00e8re, si votre terrain est particuli\u00e8rement expos\u00e9, notre guide d\u00e9di\u00e9 aux cl\u00f4tures r\u00e9sistantes au vent peut vous aider \u00e0 comprendre les pr\u00e9cautions \u00e0 prendre ( <strong><a href=\"https:\/\/www.cloture-ares.fr\/agences\/montpellier-nimes\/cloture-vent-violent-montpellier\/\">D\u00e9couvrir notre guide<\/a><\/strong>).<\/p><p>Une hauteur plus \u00e9lev\u00e9e n\u2019est pas probl\u00e9matique en soi, mais elle demande une mise en \u0153uvre parfaitement ma\u00eetris\u00e9e.<\/p>\t\t\t\t\t\t\t\t<\/div>\n\t\t\t\t<\/div>\n\t\t\t\t<\/div>\n\t\t\t\t\t<\/div>\n\t\t\t\t<\/div>\n\t\t<div class=\"elementor-element elementor-element-b50d968 e-flex e-con-boxed e-con e-parent\" data-id=\"b50d968\" data-element_type=\"container\">\n\t\t\t\t\t<div class=\"e-con-inner\">\n\t\t\t\t<div class=\"elementor-element elementor-element-ffa0ee1 elementor-widget elementor-widget-spacer\" data-id=\"ffa0ee1\" data-element_type=\"widget\" data-widget_type=\"spacer.default\">\n\t\t\t\t\t\t\t<div class=\"elementor-spacer\">\n\t\t\t<div class=\"elementor-spacer-inner\"><\/div>\n\t\t<\/div>\n\t\t\t\t\t\t<\/div>\n\t\t\t\t\t<\/div>\n\t\t\t\t<\/div>\n\t\t<div class=\"elementor-element elementor-element-71fb6b0 e-flex e-con-boxed e-con e-parent\" data-id=\"71fb6b0\" data-element_type=\"container\">\n\t\t\t\t\t<div class=\"e-con-inner\">\n\t\t<div class=\"elementor-element elementor-element-6bb09c9 e-con-full e-flex e-con e-child\" data-id=\"6bb09c9\" data-element_type=\"container\">\n\t\t<div class=\"elementor-element elementor-element-d0d7f2e e-con-full e-flex e-con e-child\" data-id=\"d0d7f2e\" data-element_type=\"container\">\n\t\t<div class=\"elementor-element elementor-element-352e75a e-con-full e-flex e-con e-child\" data-id=\"352e75a\" data-element_type=\"container\">\n\t\t\t\t<div class=\"elementor-element elementor-element-a2841e7 elementor-widget__width-initial elementor-widget elementor-widget-heading\" data-id=\"a2841e7\" data-element_type=\"widget\" data-widget_type=\"heading.default\">\n\t\t\t\t\t<h2 class=\"elementor-heading-title elementor-size-default\">Quel impact sur le budget ?<\/h2>\t\t\t\t<\/div>\n\t\t\t\t<div class=\"elementor-element elementor-element-c490e6c elementor-widget elementor-widget-text-editor\" data-id=\"c490e6c\" data-element_type=\"widget\" data-widget_type=\"text-editor.default\">\n\t\t\t\t\t\t\t\t\t<p>La diff\u00e9rence de co\u00fbt entre une cl\u00f4ture 1m50 et 1m80 ne se limite pas au prix du panneau.<\/p><p>Plus la cl\u00f4ture est haute, plus elle n\u00e9cessite :<\/p><p>\u25aa\ufe0fdes <strong>poteaux<\/strong> adapt\u00e9s<br \/>\u25aa\ufe0fune quantit\u00e9 de <strong>b\u00e9ton<\/strong> plus importante<br \/>\u25aa\ufe0fparfois des <strong>renforts<\/strong> suppl\u00e9mentaires<br \/>\u25aa\ufe0fun <strong>temps de pose<\/strong> l\u00e9g\u00e8rement sup\u00e9rieur<\/p><p>L\u2019\u00e9cart reste raisonnable, mais il doit \u00eatre int\u00e9gr\u00e9 dans le budget global du projet. Si vous souhaitez avoir une vision plus pr\u00e9cise des co\u00fbts, notre article sur le prix d\u2019une cl\u00f4ture d\u00e9taille les diff\u00e9rents postes \u00e0 pr\u00e9voir.<\/p>\t\t\t\t\t\t\t\t<\/div>\n\t\t\t\t<\/div>\n\t\t\t\t<\/div>\n\t\t\t\t<\/div>\n\t\t\t\t\t<\/div>\n\t\t\t\t<\/div>\n\t\t<div class=\"elementor-element elementor-element-83da318 e-flex e-con-boxed e-con e-parent\" data-id=\"83da318\" data-element_type=\"container\">\n\t\t\t\t\t<div class=\"e-con-inner\">\n\t\t\t\t<div class=\"elementor-element elementor-element-b13c8eb elementor-widget elementor-widget-spacer\" data-id=\"b13c8eb\" data-element_type=\"widget\" data-widget_type=\"spacer.default\">\n\t\t\t\t\t\t\t<div class=\"elementor-spacer\">\n\t\t\t<div class=\"elementor-spacer-inner\"><\/div>\n\t\t<\/div>\n\t\t\t\t\t\t<\/div>\n\t\t\t\t\t<\/div>\n\t\t\t\t<\/div>\n\t\t<div class=\"elementor-element elementor-element-8d4431a e-flex e-con-boxed e-con e-parent\" data-id=\"8d4431a\" data-element_type=\"container\">\n\t\t\t\t\t<div class=\"e-con-inner\">\n\t\t<div class=\"elementor-element elementor-element-fce8547 e-con-full e-flex e-con e-child\" data-id=\"fce8547\" data-element_type=\"container\" data-settings=\"{&quot;background_background&quot;:&quot;classic&quot;}\">\n\t\t\t\t<div class=\"elementor-element elementor-element-092c6f5 elementor-widget__width-initial elementor-widget elementor-widget-heading\" data-id=\"092c6f5\" data-element_type=\"widget\" data-widget_type=\"heading.default\">\n\t\t\t\t\t<h2 class=\"elementor-heading-title elementor-size-default\">1m50 ou 1m80 : quelle hauteur selon votre situation ?<\/h2>\t\t\t\t<\/div>\n\t\t\t\t<div class=\"elementor-element elementor-element-e6f4fd8 elementor-widget elementor-widget-text-editor\" data-id=\"e6f4fd8\" data-element_type=\"widget\" data-widget_type=\"text-editor.default\">\n\t\t\t\t\t\t\t\t\t<p data-start=\"1645\" data-end=\"1719\">Le choix entre une cl\u00f4ture rigide 1m50 ou 1m80 d\u00e9pend avant tout de votre objectif et de la configuration de votre terrain.<\/p>\t\t\t\t\t\t\t\t<\/div>\n\t\t<div class=\"elementor-element elementor-element-f35cddd e-con-full e-flex e-con e-child\" data-id=\"f35cddd\" data-element_type=\"container\">\n\t\t\t\t<div class=\"elementor-element elementor-element-d32732c elementor-widget elementor-widget-text-editor\" data-id=\"d32732c\" data-element_type=\"widget\" data-widget_type=\"text-editor.default\">\n\t\t\t\t\t\t\t\t\t<p>Pour un <strong>terrain en lotissement<\/strong> avec peu de vis-\u00e0-vis, une hauteur de 1m50 est souvent suffisante. Elle d\u00e9limite efficacement sans cr\u00e9er un effet trop ferm\u00e9.<\/p>\t\t\t\t\t\t\t\t<\/div>\n\t\t\t\t<\/div>\n\t\t<div class=\"elementor-element elementor-element-912c2f4 e-con-full e-flex e-con e-child\" data-id=\"912c2f4\" data-element_type=\"container\">\n\t\t\t\t<div class=\"elementor-element elementor-element-b9883b1 elementor-widget elementor-widget-text-editor\" data-id=\"b9883b1\" data-element_type=\"widget\" data-widget_type=\"text-editor.default\">\n\t\t\t\t\t\t\t\t\t<p>Pour un <strong>jardin expos\u00e9<\/strong> ou n\u00e9cessitant davantage d\u2019intimit\u00e9, la 1m80 apporte un r\u00e9el confort visuel. Elle est \u00e9galement plus dissuasive dans un contexte de s\u00e9curisation.<\/p>\t\t\t\t\t\t\t\t<\/div>\n\t\t\t\t<\/div>\n\t\t<div class=\"elementor-element elementor-element-1b00a72 e-con-full e-flex e-con e-child\" data-id=\"1b00a72\" data-element_type=\"container\">\n\t\t\t\t<div class=\"elementor-element elementor-element-9557c6c elementor-widget elementor-widget-text-editor\" data-id=\"9557c6c\" data-element_type=\"widget\" data-widget_type=\"text-editor.default\">\n\t\t\t\t\t\t\t\t\t<p>Sur un <strong>terrain en pente<\/strong>, la hauteur doit \u00eatre pens\u00e9e en coh\u00e9rence avec le d\u00e9nivel\u00e9. Une mauvaise adaptation peut cr\u00e9er des \u00e9carts visuels ou des zones moins prot\u00e9g\u00e9es.<\/p>\t\t\t\t\t\t\t\t<\/div>\n\t\t\t\t<\/div>\n\t\t<div class=\"elementor-element elementor-element-bf0a3f3 e-con-full e-flex e-con e-child\" data-id=\"bf0a3f3\" data-element_type=\"container\">\n\t\t\t\t<div class=\"elementor-element elementor-element-33e650d elementor-widget elementor-widget-text-editor\" data-id=\"33e650d\" data-element_type=\"widget\" data-widget_type=\"text-editor.default\">\n\t\t\t\t\t\t\t\t\t<p>Enfin, si votre<strong> sol est argileux<\/strong>, la hauteur influe directement sur la stabilit\u00e9. Une analyse pr\u00e9alable du terrain permet d\u2019anticiper les ajustements n\u00e9cessaires.<\/p>\t\t\t\t\t\t\t\t<\/div>\n\t\t\t\t<\/div>\n\t\t\t\t<div class=\"elementor-element elementor-element-8f2dd4e elementor-widget elementor-widget-heading\" data-id=\"8f2dd4e\" data-element_type=\"widget\" data-widget_type=\"heading.default\">\n\t\t\t\t\t<h2 class=\"elementor-heading-title elementor-size-default\">\u2139\ufe0f Notre recommandation pour Montpellier et l\u2019H\u00e9rault<\/h2>\t\t\t\t<\/div>\n\t\t\t\t<div class=\"elementor-element elementor-element-9efa488 elementor-widget elementor-widget-text-editor\" data-id=\"9efa488\" data-element_type=\"widget\" data-widget_type=\"text-editor.default\">\n\t\t\t\t\t\t\t\t\t<p>Dans la r\u00e9gion, nous constatons que la hauteur 1m80 est fr\u00e9quemment choisie pour pr\u00e9server l\u2019intimit\u00e9, notamment dans les zones r\u00e9sidentielles.<\/p><p>Cependant, elle doit \u00eatre associ\u00e9e \u00e0 un scellement solide et \u00e0 des poteaux correctement dimensionn\u00e9s. Une installation n\u00e9glig\u00e9e peut entra\u00eener un affaiblissement progressif de la structure.<\/p><p>La 1m50 reste une <strong>solution tr\u00e8s efficace<\/strong> lorsqu\u2019elle est correctement implant\u00e9e et adapt\u00e9e au terrain.<\/p><p>Le choix optimal d\u00e9pend donc moins de la hauteur elle-m\u00eame que de la coh\u00e9rence entre hauteur, sol et exposition au vent.<\/p>\t\t\t\t\t\t\t\t<\/div>\n\t\t\t\t<\/div>\n\t\t\t\t\t<\/div>\n\t\t\t\t<\/div>\n\t\t<div class=\"elementor-element elementor-element-c186a4a e-flex e-con-boxed e-con e-parent\" data-id=\"c186a4a\" data-element_type=\"container\">\n\t\t\t\t\t<div class=\"e-con-inner\">\n\t\t\t\t<div class=\"elementor-element elementor-element-61b6389 elementor-widget elementor-widget-spacer\" data-id=\"61b6389\" data-element_type=\"widget\" data-widget_type=\"spacer.default\">\n\t\t\t\t\t\t\t<div class=\"elementor-spacer\">\n\t\t\t<div class=\"elementor-spacer-inner\"><\/div>\n\t\t<\/div>\n\t\t\t\t\t\t<\/div>\n\t\t\t\t\t<\/div>\n\t\t\t\t<\/div>\n\t\t<div class=\"elementor-element elementor-element-acd3613 e-flex e-con-boxed e-con e-parent\" data-id=\"acd3613\" data-element_type=\"container\">\n\t\t\t\t\t<div class=\"e-con-inner\">\n\t\t<div class=\"elementor-element elementor-element-0b795c9 e-con-full e-flex e-con e-child\" data-id=\"0b795c9\" data-element_type=\"container\">\n\t\t\t\t<div class=\"elementor-element elementor-element-80e730d elementor-widget elementor-widget-spacer\" data-id=\"80e730d\" data-element_type=\"widget\" data-widget_type=\"spacer.default\">\n\t\t\t\t\t\t\t<div class=\"elementor-spacer\">\n\t\t\t<div class=\"elementor-spacer-inner\"><\/div>\n\t\t<\/div>\n\t\t\t\t\t\t<\/div>\n\t\t\t\t<\/div>\n\t\t<div class=\"elementor-element elementor-element-e5e88bc e-con-full e-flex e-con e-child\" data-id=\"e5e88bc\" data-element_type=\"container\">\n\t\t\t\t<div class=\"elementor-element elementor-element-bccfe79 elementor-widget__width-initial elementor-widget elementor-widget-heading\" data-id=\"bccfe79\" data-element_type=\"widget\" data-widget_type=\"heading.default\">\n\t\t\t\t\t<h2 class=\"elementor-heading-title elementor-size-default\">FAQ \u2013 Cl\u00f4ture rigide 1m50 ou 1m80<\/h2>\t\t\t\t<\/div>\n\t\t\t\t<div class=\"elementor-element elementor-element-735b13c elementor-widget elementor-widget-n-accordion\" data-id=\"735b13c\" data-element_type=\"widget\" data-settings=\"{&quot;default_state&quot;:&quot;expanded&quot;,&quot;max_items_expended&quot;:&quot;one&quot;,&quot;n_accordion_animation_duration&quot;:{&quot;unit&quot;:&quot;ms&quot;,&quot;size&quot;:400,&quot;sizes&quot;:[]}}\" data-widget_type=\"nested-accordion.default\">\n\t\t\t\t\t\t\t<div class=\"e-n-accordion\" aria-label=\"Accordion. Open links with Enter or Space, close with Escape, and navigate with Arrow Keys\">\n\t\t\t\t\t\t<details id=\"e-n-accordion-item-1200\" class=\"e-n-accordion-item\" open>\n\t\t\t\t<summary class=\"e-n-accordion-item-title\" data-accordion-index=\"1\" tabindex=\"0\" aria-expanded=\"true\" aria-controls=\"e-n-accordion-item-1200\" >\n\t\t\t\t\t<span class='e-n-accordion-item-title-header'><div class=\"e-n-accordion-item-title-text\"> Une cl\u00f4ture 1m80 n\u00e9cessite-t-elle une autorisation ? <\/div><\/span>\n\t\t\t\t\t\t\t<span class='e-n-accordion-item-title-icon'>\n\t\t\t<span class='e-opened' ><svg aria-hidden=\"true\" class=\"e-font-icon-svg e-fas-minus\" viewBox=\"0 0 448 512\" xmlns=\"http:\/\/www.w3.org\/2000\/svg\"><path d=\"M416 208H32c-17.67 0-32 14.33-32 32v32c0 17.67 14.33 32 32 32h384c17.67 0 32-14.33 32-32v-32c0-17.67-14.33-32-32-32z\"><\/path><\/svg><\/span>\n\t\t\t<span class='e-closed'><svg aria-hidden=\"true\" class=\"e-font-icon-svg e-fas-info-circle\" viewBox=\"0 0 512 512\" xmlns=\"http:\/\/www.w3.org\/2000\/svg\"><path d=\"M256 8C119.043 8 8 119.083 8 256c0 136.997 111.043 248 248 248s248-111.003 248-248C504 119.083 392.957 8 256 8zm0 110c23.196 0 42 18.804 42 42s-18.804 42-42 42-42-18.804-42-42 18.804-42 42-42zm56 254c0 6.627-5.373 12-12 12h-88c-6.627 0-12-5.373-12-12v-24c0-6.627 5.373-12 12-12h12v-64h-12c-6.627 0-12-5.373-12-12v-24c0-6.627 5.373-12 12-12h64c6.627 0 12 5.373 12 12v100h12c6.627 0 12 5.373 12 12v24z\"><\/path><\/svg><\/span>\n\t\t<\/span>\n\n\t\t\t\t\t\t<\/summary>\n\t\t\t\t<div role=\"region\" aria-labelledby=\"e-n-accordion-item-1200\" class=\"elementor-element elementor-element-138a8d4 e-con-full e-flex e-con e-child\" data-id=\"138a8d4\" data-element_type=\"container\">\n\t\t\t\t<div class=\"elementor-element elementor-element-3bc0793 elementor-widget elementor-widget-text-editor\" data-id=\"3bc0793\" data-element_type=\"widget\" data-widget_type=\"text-editor.default\">\n\t\t\t\t\t\t\t\t\t<h5>Dans la majorit\u00e9 des cas, non. Toutefois, certaines communes imposent des limites sp\u00e9cifiques via le PLU. Une v\u00e9rification en mairie est toujours recommand\u00e9e.<\/h5>\t\t\t\t\t\t\t\t<\/div>\n\t\t\t\t<\/div>\n\t\t\t\t\t<\/details>\n\t\t\t\t\t\t<details id=\"e-n-accordion-item-1201\" class=\"e-n-accordion-item\" >\n\t\t\t\t<summary class=\"e-n-accordion-item-title\" data-accordion-index=\"2\" tabindex=\"-1\" aria-expanded=\"false\" aria-controls=\"e-n-accordion-item-1201\" >\n\t\t\t\t\t<span class='e-n-accordion-item-title-header'><div class=\"e-n-accordion-item-title-text\"> La 1m80 est-elle plus fragile face au vent ? <\/div><\/span>\n\t\t\t\t\t\t\t<span class='e-n-accordion-item-title-icon'>\n\t\t\t<span class='e-opened' ><svg aria-hidden=\"true\" class=\"e-font-icon-svg e-fas-minus\" viewBox=\"0 0 448 512\" xmlns=\"http:\/\/www.w3.org\/2000\/svg\"><path d=\"M416 208H32c-17.67 0-32 14.33-32 32v32c0 17.67 14.33 32 32 32h384c17.67 0 32-14.33 32-32v-32c0-17.67-14.33-32-32-32z\"><\/path><\/svg><\/span>\n\t\t\t<span class='e-closed'><svg aria-hidden=\"true\" class=\"e-font-icon-svg e-fas-info-circle\" viewBox=\"0 0 512 512\" xmlns=\"http:\/\/www.w3.org\/2000\/svg\"><path d=\"M256 8C119.043 8 8 119.083 8 256c0 136.997 111.043 248 248 248s248-111.003 248-248C504 119.083 392.957 8 256 8zm0 110c23.196 0 42 18.804 42 42s-18.804 42-42 42-42-18.804-42-42 18.804-42 42-42zm56 254c0 6.627-5.373 12-12 12h-88c-6.627 0-12-5.373-12-12v-24c0-6.627 5.373-12 12-12h12v-64h-12c-6.627 0-12-5.373-12-12v-24c0-6.627 5.373-12 12-12h64c6.627 0 12 5.373 12 12v100h12c6.627 0 12 5.373 12 12v24z\"><\/path><\/svg><\/span>\n\t\t<\/span>\n\n\t\t\t\t\t\t<\/summary>\n\t\t\t\t<div role=\"region\" aria-labelledby=\"e-n-accordion-item-1201\" class=\"elementor-element elementor-element-6c29d86 e-con-full e-flex e-con e-child\" data-id=\"6c29d86\" data-element_type=\"container\">\n\t\t\t\t<div class=\"elementor-element elementor-element-81a87ac elementor-widget elementor-widget-text-editor\" data-id=\"81a87ac\" data-element_type=\"widget\" data-widget_type=\"text-editor.default\">\n\t\t\t\t\t\t\t\t\t<h5>Elle n\u2019est pas plus fragile si elle est correctement scell\u00e9e. En revanche, sa prise au vent est plus importante, ce qui exige une fixation adapt\u00e9e.<\/h5>\t\t\t\t\t\t\t\t<\/div>\n\t\t\t\t<\/div>\n\t\t\t\t\t<\/details>\n\t\t\t\t\t\t<details id=\"e-n-accordion-item-1202\" class=\"e-n-accordion-item\" >\n\t\t\t\t<summary class=\"e-n-accordion-item-title\" data-accordion-index=\"3\" tabindex=\"-1\" aria-expanded=\"false\" aria-controls=\"e-n-accordion-item-1202\" >\n\t\t\t\t\t<span class='e-n-accordion-item-title-header'><div class=\"e-n-accordion-item-title-text\"> La cl\u00f4ture 1m50 suffit-elle pour s\u00e9curiser un jardin ? <\/div><\/span>\n\t\t\t\t\t\t\t<span class='e-n-accordion-item-title-icon'>\n\t\t\t<span class='e-opened' ><svg aria-hidden=\"true\" class=\"e-font-icon-svg e-fas-minus\" viewBox=\"0 0 448 512\" xmlns=\"http:\/\/www.w3.org\/2000\/svg\"><path d=\"M416 208H32c-17.67 0-32 14.33-32 32v32c0 17.67 14.33 32 32 32h384c17.67 0 32-14.33 32-32v-32c0-17.67-14.33-32-32-32z\"><\/path><\/svg><\/span>\n\t\t\t<span class='e-closed'><svg aria-hidden=\"true\" class=\"e-font-icon-svg e-fas-info-circle\" viewBox=\"0 0 512 512\" xmlns=\"http:\/\/www.w3.org\/2000\/svg\"><path d=\"M256 8C119.043 8 8 119.083 8 256c0 136.997 111.043 248 248 248s248-111.003 248-248C504 119.083 392.957 8 256 8zm0 110c23.196 0 42 18.804 42 42s-18.804 42-42 42-42-18.804-42-42 18.804-42 42-42zm56 254c0 6.627-5.373 12-12 12h-88c-6.627 0-12-5.373-12-12v-24c0-6.627 5.373-12 12-12h12v-64h-12c-6.627 0-12-5.373-12-12v-24c0-6.627 5.373-12 12-12h64c6.627 0 12 5.373 12 12v100h12c6.627 0 12 5.373 12 12v24z\"><\/path><\/svg><\/span>\n\t\t<\/span>\n\n\t\t\t\t\t\t<\/summary>\n\t\t\t\t<div role=\"region\" aria-labelledby=\"e-n-accordion-item-1202\" class=\"elementor-element elementor-element-4ce955e e-con-full e-flex e-con e-child\" data-id=\"4ce955e\" data-element_type=\"container\">\n\t\t\t\t<div class=\"elementor-element elementor-element-e33b9ac elementor-widget elementor-widget-text-editor\" data-id=\"e33b9ac\" data-element_type=\"widget\" data-widget_type=\"text-editor.default\">\n\t\t\t\t\t\t\t\t\t<h5>Oui, pour une d\u00e9limitation simple et une s\u00e9curisation standard, la 1m50 est g\u00e9n\u00e9ralement suffisante.<\/h5>\t\t\t\t\t\t\t\t<\/div>\n\t\t\t\t<\/div>\n\t\t\t\t\t<\/details>\n\t\t\t\t\t\t<details id=\"e-n-accordion-item-1203\" class=\"e-n-accordion-item\" >\n\t\t\t\t<summary class=\"e-n-accordion-item-title\" data-accordion-index=\"4\" tabindex=\"-1\" aria-expanded=\"false\" aria-controls=\"e-n-accordion-item-1203\" >\n\t\t\t\t\t<span class='e-n-accordion-item-title-header'><div class=\"e-n-accordion-item-title-text\"> Peut-on poser une 1m80 sur platines ? <\/div><\/span>\n\t\t\t\t\t\t\t<span class='e-n-accordion-item-title-icon'>\n\t\t\t<span class='e-opened' ><svg aria-hidden=\"true\" class=\"e-font-icon-svg e-fas-minus\" viewBox=\"0 0 448 512\" xmlns=\"http:\/\/www.w3.org\/2000\/svg\"><path d=\"M416 208H32c-17.67 0-32 14.33-32 32v32c0 17.67 14.33 32 32 32h384c17.67 0 32-14.33 32-32v-32c0-17.67-14.33-32-32-32z\"><\/path><\/svg><\/span>\n\t\t\t<span class='e-closed'><svg aria-hidden=\"true\" class=\"e-font-icon-svg e-fas-info-circle\" viewBox=\"0 0 512 512\" xmlns=\"http:\/\/www.w3.org\/2000\/svg\"><path d=\"M256 8C119.043 8 8 119.083 8 256c0 136.997 111.043 248 248 248s248-111.003 248-248C504 119.083 392.957 8 256 8zm0 110c23.196 0 42 18.804 42 42s-18.804 42-42 42-42-18.804-42-42 18.804-42 42-42zm56 254c0 6.627-5.373 12-12 12h-88c-6.627 0-12-5.373-12-12v-24c0-6.627 5.373-12 12-12h12v-64h-12c-6.627 0-12-5.373-12-12v-24c0-6.627 5.373-12 12-12h64c6.627 0 12 5.373 12 12v100h12c6.627 0 12 5.373 12 12v24z\"><\/path><\/svg><\/span>\n\t\t<\/span>\n\n\t\t\t\t\t\t<\/summary>\n\t\t\t\t<div role=\"region\" aria-labelledby=\"e-n-accordion-item-1203\" class=\"elementor-element elementor-element-f7b0ebe e-flex e-con-boxed e-con e-child\" data-id=\"f7b0ebe\" data-element_type=\"container\">\n\t\t\t\t\t<div class=\"e-con-inner\">\n\t\t\t\t<div class=\"elementor-element elementor-element-696d3bb elementor-widget elementor-widget-text-editor\" data-id=\"696d3bb\" data-element_type=\"widget\" data-widget_type=\"text-editor.default\">\n\t\t\t\t\t\t\t\t\t<h5>C\u2019est possible dans certaines configurations, notamment sur dalle b\u00e9ton. Toutefois, un scellement reste souvent plus s\u00e9curis\u00e9 pour une hauteur importante.<\/h5>\t\t\t\t\t\t\t\t<\/div>\n\t\t\t\t\t<\/div>\n\t\t\t\t<\/div>\n\t\t\t\t\t<\/details>\n\t\t\t\t\t\t<details id=\"e-n-accordion-item-1204\" class=\"e-n-accordion-item\" >\n\t\t\t\t<summary class=\"e-n-accordion-item-title\" data-accordion-index=\"5\" tabindex=\"-1\" aria-expanded=\"false\" aria-controls=\"e-n-accordion-item-1204\" >\n\t\t\t\t\t<span class='e-n-accordion-item-title-header'><div class=\"e-n-accordion-item-title-text\"> Quelle hauteur choisir pour un terrain en pente ? <\/div><\/span>\n\t\t\t\t\t\t\t<span class='e-n-accordion-item-title-icon'>\n\t\t\t<span class='e-opened' ><svg aria-hidden=\"true\" class=\"e-font-icon-svg e-fas-minus\" viewBox=\"0 0 448 512\" xmlns=\"http:\/\/www.w3.org\/2000\/svg\"><path d=\"M416 208H32c-17.67 0-32 14.33-32 32v32c0 17.67 14.33 32 32 32h384c17.67 0 32-14.33 32-32v-32c0-17.67-14.33-32-32-32z\"><\/path><\/svg><\/span>\n\t\t\t<span class='e-closed'><svg aria-hidden=\"true\" class=\"e-font-icon-svg e-fas-info-circle\" viewBox=\"0 0 512 512\" xmlns=\"http:\/\/www.w3.org\/2000\/svg\"><path d=\"M256 8C119.043 8 8 119.083 8 256c0 136.997 111.043 248 248 248s248-111.003 248-248C504 119.083 392.957 8 256 8zm0 110c23.196 0 42 18.804 42 42s-18.804 42-42 42-42-18.804-42-42 18.804-42 42-42zm56 254c0 6.627-5.373 12-12 12h-88c-6.627 0-12-5.373-12-12v-24c0-6.627 5.373-12 12-12h12v-64h-12c-6.627 0-12-5.373-12-12v-24c0-6.627 5.373-12 12-12h64c6.627 0 12 5.373 12 12v100h12c6.627 0 12 5.373 12 12v24z\"><\/path><\/svg><\/span>\n\t\t<\/span>\n\n\t\t\t\t\t\t<\/summary>\n\t\t\t\t<div role=\"region\" aria-labelledby=\"e-n-accordion-item-1204\" class=\"elementor-element elementor-element-abde358 e-flex e-con-boxed e-con e-child\" data-id=\"abde358\" data-element_type=\"container\">\n\t\t\t\t\t<div class=\"e-con-inner\">\n\t\t\t\t<div class=\"elementor-element elementor-element-b559d8e elementor-widget elementor-widget-text-editor\" data-id=\"b559d8e\" data-element_type=\"widget\" data-widget_type=\"text-editor.default\">\n\t\t\t\t\t\t\t\t\t<h5>Cela d\u00e9pend du d\u00e9nivel\u00e9. Une \u00e9tude personnalis\u00e9e permet d\u2019adapter la hauteur pour garantir une continuit\u00e9 visuelle et une bonne stabilit\u00e9.<\/h5>\t\t\t\t\t\t\t\t<\/div>\n\t\t\t\t\t<\/div>\n\t\t\t\t<\/div>\n\t\t\t\t\t<\/details>\n\t\t\t\t\t<\/div>\n\t\t\t\t\t<script type=\"application\/ld+json\">{\"@context\":\"https:\\\/\\\/schema.org\",\"@type\":\"FAQPage\",\"mainEntity\":[{\"@type\":\"Question\",\"name\":\"Une cl\\u00f4ture 1m80 n\\u00e9cessite-t-elle une autorisation ?\",\"acceptedAnswer\":{\"@type\":\"Answer\",\"text\":\"\"}},{\"@type\":\"Question\",\"name\":\"La 1m80 est-elle plus fragile face au vent ?\",\"acceptedAnswer\":{\"@type\":\"Answer\",\"text\":\"\"}},{\"@type\":\"Question\",\"name\":\"La cl\\u00f4ture 1m50 suffit-elle pour s\\u00e9curiser un jardin ?\",\"acceptedAnswer\":{\"@type\":\"Answer\",\"text\":\"\"}},{\"@type\":\"Question\",\"name\":\"Peut-on poser une 1m80 sur platines ?\",\"acceptedAnswer\":{\"@type\":\"Answer\",\"text\":\"\"}},{\"@type\":\"Question\",\"name\":\"Quelle hauteur choisir pour un terrain en pente ?\",\"acceptedAnswer\":{\"@type\":\"Answer\",\"text\":\"\"}}]}<\/script>\n\t\t\t\t\t\t\t<\/div>\n\t\t\t\t<\/div>\n\t\t\t\t\t<\/div>\n\t\t\t\t<\/div>\n\t\t<div class=\"elementor-element elementor-element-7e59ab8 e-flex e-con-boxed e-con e-parent\" data-id=\"7e59ab8\" data-element_type=\"container\">\n\t\t\t\t\t<div class=\"e-con-inner\">\n\t\t\t\t<div class=\"elementor-element elementor-element-f3e766d elementor-widget elementor-widget-spacer\" data-id=\"f3e766d\" data-element_type=\"widget\" data-widget_type=\"spacer.default\">\n\t\t\t\t\t\t\t<div class=\"elementor-spacer\">\n\t\t\t<div class=\"elementor-spacer-inner\"><\/div>\n\t\t<\/div>\n\t\t\t\t\t\t<\/div>\n\t\t\t\t\t<\/div>\n\t\t\t\t<\/div>\n\t\t<div class=\"elementor-element elementor-element-28462ec e-flex e-con-boxed e-con e-parent\" data-id=\"28462ec\" data-element_type=\"container\">\n\t\t\t\t\t<div class=\"e-con-inner\">\n\t\t<div class=\"elementor-element elementor-element-ed355dd e-con-full e-flex e-con e-child\" data-id=\"ed355dd\" data-element_type=\"container\">\n\t\t<div class=\"elementor-element elementor-element-f2dc213 e-con-full e-flex e-con e-child\" data-id=\"f2dc213\" data-element_type=\"container\">\n\t\t<div class=\"elementor-element elementor-element-3de767a e-con-full e-flex e-con e-child\" data-id=\"3de767a\" data-element_type=\"container\">\n\t\t\t\t<div class=\"elementor-element elementor-element-26e4664 elementor-widget__width-initial elementor-widget elementor-widget-heading\" data-id=\"26e4664\" data-element_type=\"widget\" data-widget_type=\"heading.default\">\n\t\t\t\t\t<h2 class=\"elementor-heading-title elementor-size-default\">Bien choisir la hauteur pour un projet durable<\/h2>\t\t\t\t<\/div>\n\t\t\t\t<div class=\"elementor-element elementor-element-bd0da3b elementor-widget elementor-widget-text-editor\" data-id=\"bd0da3b\" data-element_type=\"widget\" data-widget_type=\"text-editor.default\">\n\t\t\t\t\t\t\t\t\t<p>Choisir entre une cl\u00f4ture rigide 1m50 ou 1m80 revient \u00e0 analyser votre environnement, votre besoin d\u2019intimit\u00e9 et les contraintes techniques du terrain.<\/p><p>\u00c0 Montpellier et dans l\u2019H\u00e9rault, l\u2019exposition au vent et la nature des sols rendent cette r\u00e9flexion encore plus importante. Une hauteur adapt\u00e9e et une fixation coh\u00e9rente garantissent la long\u00e9vit\u00e9 de votre installation.<\/p><p>Si vous souhaitez \u00e9tudier la solution la plus adapt\u00e9e \u00e0 votre configuration, vous pouvez consulter notre agence locale et obtenir un accompagnement personnalis\u00e9.<\/p>\t\t\t\t\t\t\t\t<\/div>\n\t\t\t\t<div class=\"elementor-element elementor-element-e8457ba elementor-align-left elementor-widget elementor-widget-button\" data-id=\"e8457ba\" data-element_type=\"widget\" data-widget_type=\"button.default\">\n\t\t\t\t\t\t\t\t\t\t<a class=\"elementor-button elementor-button-link elementor-size-sm\" href=\"https:\/\/www.cloture-ares.fr\/agences\/montpellier-nimes\/devis-gratuit\/\">\n\t\t\t\t\t\t<span class=\"elementor-button-content-wrapper\">\n\t\t\t\t\t\t\t\t\t<span class=\"elementor-button-text\">\ud83d\udc49 Demandez votre devis gratuit <\/span>\n\t\t\t\t\t<\/span>\n\t\t\t\t\t<\/a>\n\t\t\t\t\t\t\t\t<\/div>\n\t\t\t\t<\/div>\n\t\t\t\t<\/div>\n\t\t\t\t<\/div>\n\t\t\t\t\t<\/div>\n\t\t\t\t<\/div>\n\t\t\t\t<\/div>\n\t\t","protected":false},"excerpt":{"rendered":"<p>Choisir la hauteur d\u2019une cl\u00f4ture rigide ne se r\u00e9sume pas \u00e0 une question esth\u00e9tique. Entre protection, r\u00e9glementation locale, exposition au vent et contraintes du terrain, la d\u00e9cision m\u00e9rite r\u00e9flexion. \u00c0 Montpellier et dans l\u2019H\u00e9rault, certaines sp\u00e9cificit\u00e9s climatiques et g\u00e9ologiques influencent directement le choix entre une cl\u00f4ture 1m50 et 1m80. Voici comment d\u00e9terminer la hauteur la [&hellip;]<\/p>\n","protected":false},"author":12,"featured_media":1992,"comment_status":"open","ping_status":"open","sticky":false,"template":"","format":"standard","meta":{"_acf_changed":false,"footnotes":""},"categories":[1],"tags":[172,173,174,49,82,164,64],"class_list":["post-4973","post","type-post","status-publish","format-standard","has-post-thumbnail","hentry","category-actualites","tag-cloture-1m50","tag-cloture-1m80","tag-cloture-resistante-au-vent","tag-cloture-rigide","tag-hauteur-cloture","tag-projet-cloture","tag-reglementation-cloture"],"acf":[],"yoast_head":"<!-- This site is optimized with the Yoast SEO plugin v26.1 - https:\/\/yoast.com\/wordpress\/plugins\/seo\/ -->\n<title>Cl\u00f4ture rigide 1m50 ou 1m80 : quelle hauteur choisir ?<\/title>\n<meta name=\"description\" content=\"Cl\u00f4ture rigide 1m50 ou 1m80 : d\u00e9couvrez quelle hauteur choisir selon votre terrain, le vent, la r\u00e9glementation et votre besoin de s\u00e9curit\u00e9.\" \/>\n<meta name=\"robots\" content=\"index, follow, max-snippet:-1, max-image-preview:large, max-video-preview:-1\" \/>\n<link rel=\"canonical\" href=\"https:\/\/www.cloture-ares.fr\/agences\/montpellier-nimes\/cloture-rigide-1m50-ou-1m80\/\" \/>\n<meta property=\"og:locale\" content=\"fr_FR\" \/>\n<meta property=\"og:type\" content=\"article\" \/>\n<meta property=\"og:title\" content=\"Cl\u00f4ture rigide 1m50 ou 1m80 : quelle hauteur choisir ?\" \/>\n<meta property=\"og:description\" content=\"Cl\u00f4ture rigide 1m50 ou 1m80 : d\u00e9couvrez quelle hauteur choisir selon votre terrain, le vent, la r\u00e9glementation et votre besoin de s\u00e9curit\u00e9.\" \/>\n<meta property=\"og:url\" content=\"https:\/\/www.cloture-ares.fr\/agences\/montpellier-nimes\/cloture-rigide-1m50-ou-1m80\/\" \/>\n<meta property=\"og:site_name\" content=\"Cl\u00f4ture Ar\u00e8s - Montpellier - Nimes\" \/>\n<meta property=\"article:publisher\" content=\"https:\/\/www.facebook.com\/ClotureAres.Montpellier.Nimes\/\" \/>\n<meta property=\"article:published_time\" content=\"2026-04-27T13:13:58+00:00\" \/>\n<meta property=\"article:modified_time\" content=\"2026-04-27T13:22:04+00:00\" \/>\n<meta property=\"og:image\" content=\"https:\/\/www.cloture-ares.fr\/agences\/montpellier-nimes\/wp-content\/uploads\/sites\/5\/2023\/08\/cloture-rigide-et-occultant.jpg\" \/>\n\t<meta property=\"og:image:width\" content=\"577\" \/>\n\t<meta property=\"og:image:height\" content=\"1023\" \/>\n\t<meta property=\"og:image:type\" content=\"image\/jpeg\" \/>\n<meta name=\"author\" content=\"Vincent Ansado\" \/>\n<meta name=\"twitter:card\" content=\"summary_large_image\" \/>\n<meta name=\"twitter:label1\" content=\"\u00c9crit par\" \/>\n\t<meta name=\"twitter:data1\" content=\"Vincent Ansado\" \/>\n\t<meta name=\"twitter:label2\" content=\"Dur\u00e9e de lecture estim\u00e9e\" \/>\n\t<meta name=\"twitter:data2\" content=\"7 minutes\" \/>\n<script type=\"application\/ld+json\" class=\"yoast-schema-graph\">{\"@context\":\"https:\/\/schema.org\",\"@graph\":[{\"@type\":\"Article\",\"@id\":\"https:\/\/www.cloture-ares.fr\/agences\/montpellier-nimes\/cloture-rigide-1m50-ou-1m80\/#article\",\"isPartOf\":{\"@id\":\"https:\/\/www.cloture-ares.fr\/agences\/montpellier-nimes\/cloture-rigide-1m50-ou-1m80\/\"},\"author\":{\"name\":\"Vincent Ansado\",\"@id\":\"https:\/\/www.cloture-ares.fr\/agences\/montpellier-nimes\/#\/schema\/person\/affda4f830068162dbe6d138fafa45a9\"},\"headline\":\"Cl\u00f4ture rigide 1m50 ou 1m80 : quelle hauteur choisir selon votre terrain ?\",\"datePublished\":\"2026-04-27T13:13:58+00:00\",\"dateModified\":\"2026-04-27T13:22:04+00:00\",\"mainEntityOfPage\":{\"@id\":\"https:\/\/www.cloture-ares.fr\/agences\/montpellier-nimes\/cloture-rigide-1m50-ou-1m80\/\"},\"wordCount\":1248,\"commentCount\":0,\"publisher\":{\"@id\":\"https:\/\/www.cloture-ares.fr\/agences\/montpellier-nimes\/#organization\"},\"image\":{\"@id\":\"https:\/\/www.cloture-ares.fr\/agences\/montpellier-nimes\/cloture-rigide-1m50-ou-1m80\/#primaryimage\"},\"thumbnailUrl\":\"https:\/\/www.cloture-ares.fr\/agences\/montpellier-nimes\/wp-content\/uploads\/sites\/5\/2023\/08\/cloture-rigide-et-occultant.jpg\",\"keywords\":[\"cl\u00f4ture 1m50\",\"cl\u00f4ture 1m80\",\"cl\u00f4ture r\u00e9sistante au vent\",\"cl\u00f4ture rigide\",\"hauteur cl\u00f4ture\",\"projet cl\u00f4ture\",\"r\u00e9glementation cl\u00f4ture\"],\"articleSection\":[\"Actualit\u00e9s\"],\"inLanguage\":\"fr-FR\",\"potentialAction\":[{\"@type\":\"CommentAction\",\"name\":\"Comment\",\"target\":[\"https:\/\/www.cloture-ares.fr\/agences\/montpellier-nimes\/cloture-rigide-1m50-ou-1m80\/#respond\"]}]},{\"@type\":\"WebPage\",\"@id\":\"https:\/\/www.cloture-ares.fr\/agences\/montpellier-nimes\/cloture-rigide-1m50-ou-1m80\/\",\"url\":\"https:\/\/www.cloture-ares.fr\/agences\/montpellier-nimes\/cloture-rigide-1m50-ou-1m80\/\",\"name\":\"Cl\u00f4ture rigide 1m50 ou 1m80 : quelle hauteur choisir ?\",\"isPartOf\":{\"@id\":\"https:\/\/www.cloture-ares.fr\/agences\/montpellier-nimes\/#website\"},\"primaryImageOfPage\":{\"@id\":\"https:\/\/www.cloture-ares.fr\/agences\/montpellier-nimes\/cloture-rigide-1m50-ou-1m80\/#primaryimage\"},\"image\":{\"@id\":\"https:\/\/www.cloture-ares.fr\/agences\/montpellier-nimes\/cloture-rigide-1m50-ou-1m80\/#primaryimage\"},\"thumbnailUrl\":\"https:\/\/www.cloture-ares.fr\/agences\/montpellier-nimes\/wp-content\/uploads\/sites\/5\/2023\/08\/cloture-rigide-et-occultant.jpg\",\"datePublished\":\"2026-04-27T13:13:58+00:00\",\"dateModified\":\"2026-04-27T13:22:04+00:00\",\"description\":\"Cl\u00f4ture rigide 1m50 ou 1m80 : d\u00e9couvrez quelle hauteur choisir selon votre terrain, le vent, la r\u00e9glementation et votre besoin de s\u00e9curit\u00e9.\",\"breadcrumb\":{\"@id\":\"https:\/\/www.cloture-ares.fr\/agences\/montpellier-nimes\/cloture-rigide-1m50-ou-1m80\/#breadcrumb\"},\"inLanguage\":\"fr-FR\",\"potentialAction\":[{\"@type\":\"ReadAction\",\"target\":[\"https:\/\/www.cloture-ares.fr\/agences\/montpellier-nimes\/cloture-rigide-1m50-ou-1m80\/\"]}]},{\"@type\":\"ImageObject\",\"inLanguage\":\"fr-FR\",\"@id\":\"https:\/\/www.cloture-ares.fr\/agences\/montpellier-nimes\/cloture-rigide-1m50-ou-1m80\/#primaryimage\",\"url\":\"https:\/\/www.cloture-ares.fr\/agences\/montpellier-nimes\/wp-content\/uploads\/sites\/5\/2023\/08\/cloture-rigide-et-occultant.jpg\",\"contentUrl\":\"https:\/\/www.cloture-ares.fr\/agences\/montpellier-nimes\/wp-content\/uploads\/sites\/5\/2023\/08\/cloture-rigide-et-occultant.jpg\",\"width\":577,\"height\":1023,\"caption\":\"Grillage rigide et occultant\"},{\"@type\":\"BreadcrumbList\",\"@id\":\"https:\/\/www.cloture-ares.fr\/agences\/montpellier-nimes\/cloture-rigide-1m50-ou-1m80\/#breadcrumb\",\"itemListElement\":[{\"@type\":\"ListItem\",\"position\":1,\"name\":\"Accueil\",\"item\":\"https:\/\/www.cloture-ares.fr\/agences\/montpellier-nimes\/\"},{\"@type\":\"ListItem\",\"position\":2,\"name\":\"Cl\u00f4ture rigide 1m50 ou 1m80 : quelle hauteur choisir selon votre terrain ?\"}]},{\"@type\":\"WebSite\",\"@id\":\"https:\/\/www.cloture-ares.fr\/agences\/montpellier-nimes\/#website\",\"url\":\"https:\/\/www.cloture-ares.fr\/agences\/montpellier-nimes\/\",\"name\":\"Cl\u00f4tures Ar\u00e8s - Montpellier - Nimes\",\"description\":\"Agence de Montpellier - Nimes\",\"publisher\":{\"@id\":\"https:\/\/www.cloture-ares.fr\/agences\/montpellier-nimes\/#organization\"},\"potentialAction\":[{\"@type\":\"SearchAction\",\"target\":{\"@type\":\"EntryPoint\",\"urlTemplate\":\"https:\/\/www.cloture-ares.fr\/agences\/montpellier-nimes\/?s={search_term_string}\"},\"query-input\":{\"@type\":\"PropertyValueSpecification\",\"valueRequired\":true,\"valueName\":\"search_term_string\"}}],\"inLanguage\":\"fr-FR\"},{\"@type\":\"Organization\",\"@id\":\"https:\/\/www.cloture-ares.fr\/agences\/montpellier-nimes\/#organization\",\"name\":\"Cl\u00f4tures Ar\u00e8s - Montpellier - Nimes\",\"url\":\"https:\/\/www.cloture-ares.fr\/agences\/montpellier-nimes\/\",\"logo\":{\"@type\":\"ImageObject\",\"inLanguage\":\"fr-FR\",\"@id\":\"https:\/\/www.cloture-ares.fr\/agences\/montpellier-nimes\/#\/schema\/logo\/image\/\",\"url\":\"https:\/\/www.cloture-ares.fr\/agences\/montpellier-nimes\/wp-content\/uploads\/sites\/5\/2022\/05\/cropped-logo-montpellier.png\",\"contentUrl\":\"https:\/\/www.cloture-ares.fr\/agences\/montpellier-nimes\/wp-content\/uploads\/sites\/5\/2022\/05\/cropped-logo-montpellier.png\",\"width\":2057,\"height\":1010,\"caption\":\"Cl\u00f4tures Ar\u00e8s - Montpellier - Nimes\"},\"image\":{\"@id\":\"https:\/\/www.cloture-ares.fr\/agences\/montpellier-nimes\/#\/schema\/logo\/image\/\"},\"sameAs\":[\"https:\/\/www.facebook.com\/ClotureAres.Montpellier.Nimes\/\"]},{\"@type\":\"Person\",\"@id\":\"https:\/\/www.cloture-ares.fr\/agences\/montpellier-nimes\/#\/schema\/person\/affda4f830068162dbe6d138fafa45a9\",\"name\":\"Vincent Ansado\",\"image\":{\"@type\":\"ImageObject\",\"inLanguage\":\"fr-FR\",\"@id\":\"https:\/\/www.cloture-ares.fr\/agences\/montpellier-nimes\/#\/schema\/person\/image\/\",\"url\":\"https:\/\/www.cloture-ares.fr\/agences\/wp-content\/uploads\/2026\/04\/cropped-v_ansado-96x96.png\",\"contentUrl\":\"https:\/\/www.cloture-ares.fr\/agences\/wp-content\/uploads\/2026\/04\/cropped-v_ansado-96x96.png\",\"caption\":\"Vincent Ansado\"},\"description\":\"Directeur et expert en solutions de cl\u00f4ture &amp; portails chez Cl\u00f4ture Ar\u00e8s Montpellier-N\u00eemes, Vincent Ansado accompagne particuliers et professionnels dans leurs projets ext\u00e9rieurs depuis 2020.\",\"sameAs\":[\"https:\/\/www.linkedin.com\/in\/vincent-ansado-572308216\/\"],\"url\":\"https:\/\/www.cloture-ares.fr\/agences\/montpellier-nimes\/author\/kevin\/\"}]}<\/script>\n<!-- \/ Yoast SEO plugin. -->","yoast_head_json":{"title":"Cl\u00f4ture rigide 1m50 ou 1m80 : quelle hauteur choisir ?","description":"Cl\u00f4ture rigide 1m50 ou 1m80 : d\u00e9couvrez quelle hauteur choisir selon votre terrain, le vent, la r\u00e9glementation et votre besoin de s\u00e9curit\u00e9.","robots":{"index":"index","follow":"follow","max-snippet":"max-snippet:-1","max-image-preview":"max-image-preview:large","max-video-preview":"max-video-preview:-1"},"canonical":"https:\/\/www.cloture-ares.fr\/agences\/montpellier-nimes\/cloture-rigide-1m50-ou-1m80\/","og_locale":"fr_FR","og_type":"article","og_title":"Cl\u00f4ture rigide 1m50 ou 1m80 : quelle hauteur choisir ?","og_description":"Cl\u00f4ture rigide 1m50 ou 1m80 : d\u00e9couvrez quelle hauteur choisir selon votre terrain, le vent, la r\u00e9glementation et votre besoin de s\u00e9curit\u00e9.","og_url":"https:\/\/www.cloture-ares.fr\/agences\/montpellier-nimes\/cloture-rigide-1m50-ou-1m80\/","og_site_name":"Cl\u00f4ture Ar\u00e8s - Montpellier - Nimes","article_publisher":"https:\/\/www.facebook.com\/ClotureAres.Montpellier.Nimes\/","article_published_time":"2026-04-27T13:13:58+00:00","article_modified_time":"2026-04-27T13:22:04+00:00","og_image":[{"width":577,"height":1023,"url":"https:\/\/www.cloture-ares.fr\/agences\/montpellier-nimes\/wp-content\/uploads\/sites\/5\/2023\/08\/cloture-rigide-et-occultant.jpg","type":"image\/jpeg"}],"author":"Vincent Ansado","twitter_card":"summary_large_image","twitter_misc":{"\u00c9crit par":"Vincent Ansado","Dur\u00e9e de lecture estim\u00e9e":"7 minutes"},"schema":{"@context":"https:\/\/schema.org","@graph":[{"@type":"Article","@id":"https:\/\/www.cloture-ares.fr\/agences\/montpellier-nimes\/cloture-rigide-1m50-ou-1m80\/#article","isPartOf":{"@id":"https:\/\/www.cloture-ares.fr\/agences\/montpellier-nimes\/cloture-rigide-1m50-ou-1m80\/"},"author":{"name":"Vincent Ansado","@id":"https:\/\/www.cloture-ares.fr\/agences\/montpellier-nimes\/#\/schema\/person\/affda4f830068162dbe6d138fafa45a9"},"headline":"Cl\u00f4ture rigide 1m50 ou 1m80 : quelle hauteur choisir selon votre terrain ?","datePublished":"2026-04-27T13:13:58+00:00","dateModified":"2026-04-27T13:22:04+00:00","mainEntityOfPage":{"@id":"https:\/\/www.cloture-ares.fr\/agences\/montpellier-nimes\/cloture-rigide-1m50-ou-1m80\/"},"wordCount":1248,"commentCount":0,"publisher":{"@id":"https:\/\/www.cloture-ares.fr\/agences\/montpellier-nimes\/#organization"},"image":{"@id":"https:\/\/www.cloture-ares.fr\/agences\/montpellier-nimes\/cloture-rigide-1m50-ou-1m80\/#primaryimage"},"thumbnailUrl":"https:\/\/www.cloture-ares.fr\/agences\/montpellier-nimes\/wp-content\/uploads\/sites\/5\/2023\/08\/cloture-rigide-et-occultant.jpg","keywords":["cl\u00f4ture 1m50","cl\u00f4ture 1m80","cl\u00f4ture r\u00e9sistante au vent","cl\u00f4ture rigide","hauteur cl\u00f4ture","projet cl\u00f4ture","r\u00e9glementation cl\u00f4ture"],"articleSection":["Actualit\u00e9s"],"inLanguage":"fr-FR","potentialAction":[{"@type":"CommentAction","name":"Comment","target":["https:\/\/www.cloture-ares.fr\/agences\/montpellier-nimes\/cloture-rigide-1m50-ou-1m80\/#respond"]}]},{"@type":"WebPage","@id":"https:\/\/www.cloture-ares.fr\/agences\/montpellier-nimes\/cloture-rigide-1m50-ou-1m80\/","url":"https:\/\/www.cloture-ares.fr\/agences\/montpellier-nimes\/cloture-rigide-1m50-ou-1m80\/","name":"Cl\u00f4ture rigide 1m50 ou 1m80 : quelle hauteur choisir ?","isPartOf":{"@id":"https:\/\/www.cloture-ares.fr\/agences\/montpellier-nimes\/#website"},"primaryImageOfPage":{"@id":"https:\/\/www.cloture-ares.fr\/agences\/montpellier-nimes\/cloture-rigide-1m50-ou-1m80\/#primaryimage"},"image":{"@id":"https:\/\/www.cloture-ares.fr\/agences\/montpellier-nimes\/cloture-rigide-1m50-ou-1m80\/#primaryimage"},"thumbnailUrl":"https:\/\/www.cloture-ares.fr\/agences\/montpellier-nimes\/wp-content\/uploads\/sites\/5\/2023\/08\/cloture-rigide-et-occultant.jpg","datePublished":"2026-04-27T13:13:58+00:00","dateModified":"2026-04-27T13:22:04+00:00","description":"Cl\u00f4ture rigide 1m50 ou 1m80 : d\u00e9couvrez quelle hauteur choisir selon votre terrain, le vent, la r\u00e9glementation et votre besoin de s\u00e9curit\u00e9.","breadcrumb":{"@id":"https:\/\/www.cloture-ares.fr\/agences\/montpellier-nimes\/cloture-rigide-1m50-ou-1m80\/#breadcrumb"},"inLanguage":"fr-FR","potentialAction":[{"@type":"ReadAction","target":["https:\/\/www.cloture-ares.fr\/agences\/montpellier-nimes\/cloture-rigide-1m50-ou-1m80\/"]}]},{"@type":"ImageObject","inLanguage":"fr-FR","@id":"https:\/\/www.cloture-ares.fr\/agences\/montpellier-nimes\/cloture-rigide-1m50-ou-1m80\/#primaryimage","url":"https:\/\/www.cloture-ares.fr\/agences\/montpellier-nimes\/wp-content\/uploads\/sites\/5\/2023\/08\/cloture-rigide-et-occultant.jpg","contentUrl":"https:\/\/www.cloture-ares.fr\/agences\/montpellier-nimes\/wp-content\/uploads\/sites\/5\/2023\/08\/cloture-rigide-et-occultant.jpg","width":577,"height":1023,"caption":"Grillage rigide et occultant"},{"@type":"BreadcrumbList","@id":"https:\/\/www.cloture-ares.fr\/agences\/montpellier-nimes\/cloture-rigide-1m50-ou-1m80\/#breadcrumb","itemListElement":[{"@type":"ListItem","position":1,"name":"Accueil","item":"https:\/\/www.cloture-ares.fr\/agences\/montpellier-nimes\/"},{"@type":"ListItem","position":2,"name":"Cl\u00f4ture rigide 1m50 ou 1m80 : quelle hauteur choisir selon votre terrain ?"}]},{"@type":"WebSite","@id":"https:\/\/www.cloture-ares.fr\/agences\/montpellier-nimes\/#website","url":"https:\/\/www.cloture-ares.fr\/agences\/montpellier-nimes\/","name":"Cl\u00f4tures Ar\u00e8s - Montpellier - Nimes","description":"Agence de Montpellier - Nimes","publisher":{"@id":"https:\/\/www.cloture-ares.fr\/agences\/montpellier-nimes\/#organization"},"potentialAction":[{"@type":"SearchAction","target":{"@type":"EntryPoint","urlTemplate":"https:\/\/www.cloture-ares.fr\/agences\/montpellier-nimes\/?s={search_term_string}"},"query-input":{"@type":"PropertyValueSpecification","valueRequired":true,"valueName":"search_term_string"}}],"inLanguage":"fr-FR"},{"@type":"Organization","@id":"https:\/\/www.cloture-ares.fr\/agences\/montpellier-nimes\/#organization","name":"Cl\u00f4tures Ar\u00e8s - Montpellier - Nimes","url":"https:\/\/www.cloture-ares.fr\/agences\/montpellier-nimes\/","logo":{"@type":"ImageObject","inLanguage":"fr-FR","@id":"https:\/\/www.cloture-ares.fr\/agences\/montpellier-nimes\/#\/schema\/logo\/image\/","url":"https:\/\/www.cloture-ares.fr\/agences\/montpellier-nimes\/wp-content\/uploads\/sites\/5\/2022\/05\/cropped-logo-montpellier.png","contentUrl":"https:\/\/www.cloture-ares.fr\/agences\/montpellier-nimes\/wp-content\/uploads\/sites\/5\/2022\/05\/cropped-logo-montpellier.png","width":2057,"height":1010,"caption":"Cl\u00f4tures Ar\u00e8s - Montpellier - Nimes"},"image":{"@id":"https:\/\/www.cloture-ares.fr\/agences\/montpellier-nimes\/#\/schema\/logo\/image\/"},"sameAs":["https:\/\/www.facebook.com\/ClotureAres.Montpellier.Nimes\/"]},{"@type":"Person","@id":"https:\/\/www.cloture-ares.fr\/agences\/montpellier-nimes\/#\/schema\/person\/affda4f830068162dbe6d138fafa45a9","name":"Vincent Ansado","image":{"@type":"ImageObject","inLanguage":"fr-FR","@id":"https:\/\/www.cloture-ares.fr\/agences\/montpellier-nimes\/#\/schema\/person\/image\/","url":"https:\/\/www.cloture-ares.fr\/agences\/wp-content\/uploads\/2026\/04\/cropped-v_ansado-96x96.png","contentUrl":"https:\/\/www.cloture-ares.fr\/agences\/wp-content\/uploads\/2026\/04\/cropped-v_ansado-96x96.png","caption":"Vincent Ansado"},"description":"Directeur et expert en solutions de cl\u00f4ture &amp; portails chez Cl\u00f4ture Ar\u00e8s Montpellier-N\u00eemes, Vincent Ansado accompagne particuliers et professionnels dans leurs projets ext\u00e9rieurs depuis 2020.","sameAs":["https:\/\/www.linkedin.com\/in\/vincent-ansado-572308216\/"],"url":"https:\/\/www.cloture-ares.fr\/agences\/montpellier-nimes\/author\/kevin\/"}]}},"_links":{"self":[{"href":"https:\/\/www.cloture-ares.fr\/agences\/montpellier-nimes\/wp-json\/wp\/v2\/posts\/4973","targetHints":{"allow":["GET"]}}],"collection":[{"href":"https:\/\/www.cloture-ares.fr\/agences\/montpellier-nimes\/wp-json\/wp\/v2\/posts"}],"about":[{"href":"https:\/\/www.cloture-ares.fr\/agences\/montpellier-nimes\/wp-json\/wp\/v2\/types\/post"}],"author":[{"embeddable":true,"href":"https:\/\/www.cloture-ares.fr\/agences\/montpellier-nimes\/wp-json\/wp\/v2\/users\/12"}],"replies":[{"embeddable":true,"href":"https:\/\/www.cloture-ares.fr\/agences\/montpellier-nimes\/wp-json\/wp\/v2\/comments?post=4973"}],"version-history":[{"count":28,"href":"https:\/\/www.cloture-ares.fr\/agences\/montpellier-nimes\/wp-json\/wp\/v2\/posts\/4973\/revisions"}],"predecessor-version":[{"id":5001,"href":"https:\/\/www.cloture-ares.fr\/agences\/montpellier-nimes\/wp-json\/wp\/v2\/posts\/4973\/revisions\/5001"}],"wp:featuredmedia":[{"embeddable":true,"href":"https:\/\/www.cloture-ares.fr\/agences\/montpellier-nimes\/wp-json\/wp\/v2\/media\/1992"}],"wp:attachment":[{"href":"https:\/\/www.cloture-ares.fr\/agences\/montpellier-nimes\/wp-json\/wp\/v2\/media?parent=4973"}],"wp:term":[{"taxonomy":"category","embeddable":true,"href":"https:\/\/www.cloture-ares.fr\/agences\/montpellier-nimes\/wp-json\/wp\/v2\/categories?post=4973"},{"taxonomy":"post_tag","embeddable":true,"href":"https:\/\/www.cloture-ares.fr\/agences\/montpellier-nimes\/wp-json\/wp\/v2\/tags?post=4973"}],"curies":[{"name":"wp","href":"https:\/\/api.w.org\/{rel}","templated":true}]}}